{"id":173,"date":"2020-07-21T11:25:22","date_gmt":"2020-07-21T09:25:22","guid":{"rendered":"https:\/\/wanderhuren.ch\/?p=173"},"modified":"2024-04-12T09:37:23","modified_gmt":"2024-04-12T07:37:23","slug":"vorschau-3-offizielle-wanderung","status":"publish","type":"post","link":"https:\/\/wanderhuren.ch\/en\/2020\/07\/21\/vorschau-3-offizielle-wanderung\/","title":{"rendered":"Preview of the 3rd official hike in 2020"},"content":{"rendered":"<h3 class=\"wp-block-heading\">Two-day tour premiere<\/h3>\n\n\n\n<p>The 3rd official hike of the Wanderhuren is the first two-day tour of the association. It takes place on the weekend of <strong>1st &amp; 2nd of August<\/strong> and takes place in the Grisons mountains, more precisely in the region around Davos. True to the Davos-Klosters tourist region's motto \u201cDa vos sch\u00f6n isch\u201d, the equally beautiful Wanderhuren will spend the national holiday on the Rinerhorn.<\/p>\n\n\n\n<p>On the first day, we start at the valley station of the Rinerhorn cable car in Davos-Glaris and aim for the Berghostel Rinerhorn with a short detour via Marchh\u00fcreli and the Rinerhorn. Once there, refreshments are provided and Switzerland's birthday is celebrated.<\/p>\n\n\n\n<p>The next morning, the Berghostel owners provide us with a delicious morning meal to replenish our energy reserves and fight off any hangovers. For all those who have survived the evening reasonably well and still feel fit enough, another tour is planned for the second day. The bus takes you from Davos in the direction of the Fl\u00fcela Pass to the W\u00e4gerh\u00fctte. From there, a circular hike to the J\u00f6ri lakes will be undertaken.<\/p>\n\n\n\n<p><em>Text: Raffi V\u00f6geli<\/em><\/p>","protected":false},"excerpt":{"rendered":"<p>The first two-day hike in the club's history is coming up soon!<\/p>","protected":false},"author":2,"featured_media":175,"comment_status":"closed","ping_status":"closed","sticky":false,"template":"","format":"standard","meta":{"ngg_post_thumbnail":0,"footnotes":""},"categories":[1],"tags":[16,18,14,17,5,7],"class_list":["post-173","post","type-post","status-publish","format-standard","has-post-thumbnail","hentry","category-allgemein","tag-davos","tag-nationalfeiertag","tag-scheiss-tony","tag-schweiz","tag-troepfli-chris","tag-wanderhuren"],"_links":{"self":[{"href":"https:\/\/wanderhuren.ch\/en\/wp-json\/wp\/v2\/posts\/173"}],"collection":[{"href":"https:\/\/wanderhuren.ch\/en\/wp-json\/wp\/v2\/posts"}],"about":[{"href":"https:\/\/wanderhuren.ch\/en\/wp-json\/wp\/v2\/types\/post"}],"author":[{"embeddable":true,"href":"https:\/\/wanderhuren.ch\/en\/wp-json\/wp\/v2\/users\/2"}],"replies":[{"embeddable":true,"href":"https:\/\/wanderhuren.ch\/en\/wp-json\/wp\/v2\/comments?post=173"}],"version-history":[{"count":5,"href":"https:\/\/wanderhuren.ch\/en\/wp-json\/wp\/v2\/posts\/173\/revisions"}],"predecessor-version":[{"id":180,"href":"https:\/\/wanderhuren.ch\/en\/wp-json\/wp\/v2\/posts\/173\/revisions\/180"}],"wp:featuredmedia":[{"embeddable":true,"href":"https:\/\/wanderhuren.ch\/en\/wp-json\/wp\/v2\/media\/175"}],"wp:attachment":[{"href":"https:\/\/wanderhuren.ch\/en\/wp-json\/wp\/v2\/media?parent=173"}],"wp:term":[{"taxonomy":"category","embeddable":true,"href":"https:\/\/wanderhuren.ch\/en\/wp-json\/wp\/v2\/categories?post=173"},{"taxonomy":"post_tag","embeddable":true,"href":"https:\/\/wanderhuren.ch\/en\/wp-json\/wp\/v2\/tags?post=173"}],"curies":[{"name":"wp","href":"https:\/\/api.w.org\/{rel}","templated":true}]}}